{"provider_url": "https://www.lindoia.sp.leg.br", "title": "Legislaturas", "html": "<p>Legislatura</p>\r\n<p>Denomina-se legislatura o per\u00edodo das atividades da C\u00e2mara, compreendido desde a posse dos Vereadores at\u00e9 o t\u00e9rmino de seus respectivos mandatos. Ali\u00e1s, a Constitui\u00e7\u00e3o da Rep\u00fablica determina que o mandato de Vereador, bem como a legislatura municipal, ter\u00e1 a dura\u00e7\u00e3o de quatro anos. O tempo do mandato do Vereador est\u00e1, portanto, intimamente ligado ao tempo de dura\u00e7\u00e3o da legislatura.</p>\r\n<p>Sess\u00e3o legislativa</p>\r\n<p>Sess\u00e3o legislativa \u00e9 o per\u00edodo anual de reuni\u00e3o do Poder Legislativo. Cada legislatura \u00e9 composta de quatro sess\u00f5es legislativas. As sess\u00f5es legislativas dividem-se em per\u00edodos legislativos, cujas datas de in\u00edcio e de t\u00e9rmino s\u00e3o geralmente fixadas pela Lei Org\u00e2nica do Munic\u00edpio.</p>\r\n<p>Em \u00e2mbito federal, o Congresso Nacional re\u00fane-se, anualmente, de 15 de fevereiro a 30 de junho e de 1\u00ba de agosto a 15 de dezembro. Em \u00e2mbito municipal, pode a Lei Org\u00e2nica do Munic\u00edpio estabelecer os segmentos de distribui\u00e7\u00e3o desses dois per\u00edodos legislativos.<br /><br /><br /></p>\r\n<p><strong>1\u00aa Legislatura (1965 - Instala\u00e7\u00e3o do Munic\u00edpio)</strong></p>\r\n<ul>\r\n<li>Dr. Am\u00e9rico Kachan</li>\r\n<li>Agostinho de Souza Godoy</li>\r\n<li>Benedito Aparecido Dematei</li>\r\n<li>\u00c9zio Coli</li>\r\n<li>Geraldo Gigli</li>\r\n<li>Gomilde de Souza Godoy</li>\r\n<li>Benedicto Angelo Gusson (Jos\u00e9 A. Cavenaghi)</li>\r\n<li>Jos\u00e9 Alves Neto</li>\r\n<li>La\u00e9rcio Londro de Oliveira</li>\r\n</ul>\r\n<p><strong>2\u00aa Legislatura (1969/1972)</strong></p>\r\n<ul>\r\n<li>Dr. Am\u00e9rico Kachan</li>\r\n<li>Ant\u00f4nio Toledo</li>\r\n<li>\u00c9zio Coli</li>\r\n<li>Benedito Herm\u00ednio B. Petemela</li>\r\n<li>Benedito Vaneli do Carmo</li>\r\n<li>Gomilde de Souza Godoy</li>\r\n<li>Geraldo Alves de Godoy</li>\r\n<li>L\u00e1zaro de Souza Godoy</li>\r\n<li>Jo\u00e3o Alves (Reinaldo R. Pietrafeza)</li>\r\n</ul>\r\n<p><strong>3\u00aa Legislatura (1973/1976)</strong></p>\r\n<ul>\r\n<li>Ant\u00f4nio Toledo</li>\r\n<li>Andr\u00e9 Saturnino da Silva</li>\r\n<li>Benedito Aparecido Fiori Alves</li>\r\n<li>Benedito Herm\u00ednio B. Petemela</li>\r\n<li>Benedito Serafim Pereira</li>\r\n<li>Jo\u00e3o Demate</li>\r\n<li>Jos\u00e9 Aparecido Vaneli de Godoy</li>\r\n<li>Jos\u00e9 Gon\u00e7alves Sobrinho</li>\r\n<li>Reinaldo Romeu Pietrafeza</li>\r\n</ul>\r\n<p><strong>4\u00aa Legislatura (1977/1982)</strong></p>\r\n<ul>\r\n<li>Agostinho de Souza Godoy</li>\r\n<li>Ant\u00f4nio Toledo</li>\r\n<li>Benedito Serafim Pereira</li>\r\n<li>Benedito Vaneli do Carmo</li>\r\n<li>Benedito Aparecido Fiori Alves</li>\r\n<li>Ivandro Sebasti\u00e3o Godoy Tortelli</li>\r\n<li>Jos\u00e9 Trafani (Benedito Fidelis de Souza)</li>\r\n<li>Jos\u00e9 Tadeu Alves Penacchi</li>\r\n<li>Reinaldo Romeu Pietrafeza</li>\r\n</ul>\r\n<p><strong>5\u00aa Legislatura (1983/1988)</strong></p>\r\n<ul>\r\n<li>Benedito Aparecido Fiori Alves</li>\r\n<li>Benedito Vaneli do Carmo</li>\r\n<li>Doralice Catarina de Toledo</li>\r\n<li>Edward Edelman Coli</li>\r\n<li>Jos\u00e9 Gon\u00e7alves Sobrinho</li>\r\n<li>Jos\u00e9 Justino Lopes</li>\r\n<li>Jos\u00e9 Tadeu Alves Penacchi</li>\r\n<li>Reinaldo Romeu Pietrafeza</li>\r\n<li>Rodolfo Pereira de Godoi</li>\r\n</ul>\r\n<p><strong>6\u00aa Legislatura (1989/1992)</strong></p>\r\n<ul>\r\n<li>Dr. Am\u00e9rico Kachan</li>\r\n<li>Benedito Serafim Pereira</li>\r\n<li>Benedito Vaneli do Carmo</li>\r\n<li>Cl\u00e1udio Benedito Faria Tomazi</li>\r\n<li>Edward Cardoso Bernardi</li>\r\n<li>Jos\u00e9 Faria</li>\r\n<li>Jos\u00e9 Fernando Faria Dematei</li>\r\n<li>Jos\u00e9 Herm\u00ednio Alves Penacchi</li>\r\n<li>Jos\u00e9 Justino Lopes</li>\r\n<li>Jos\u00e9 Lup\u00e9rcio Cavenaghi</li>\r\n<li>Maria Ant\u00f4nia de Faria Zamboim</li>\r\n</ul>\r\n<p><strong>7\u00aa Legislatura (1993/1996)</strong></p>\r\n<ul>\r\n<li>Ant\u00f4nio Lamari Nogueira</li>\r\n<li>Alexandre Vivanco Blanco</li>\r\n<li>Benedito Vaneli do Carmo</li>\r\n<li>Edward Cardoso Bernardi</li>\r\n<li>Francisco Paulo Lopes</li>\r\n<li>Humberto de Godoi Moreira</li>\r\n<li>Jos\u00e9 Faria</li>\r\n<li>Jos\u00e9 Fernando Faria Dematei</li>\r\n<li>Jos\u00e9 Justino Lopes</li>\r\n<li>Maria Ant\u00f4nia Faria Zamboim</li>\r\n<li>Pedro Tortelli Neto</li>\r\n</ul>\r\n<p><strong>8\u00aa Legislatura (1997/2000)</strong></p>\r\n<ul>\r\n<li>\u00c9lcio Fiori de Godoi</li>\r\n<li>Benedito Serafim Pereira</li>\r\n<li>Jos\u00e9 Faria</li>\r\n<li>Jos\u00e9 Fernando Faria Dematei</li>\r\n<li>Jos\u00e9 Humberto Pietrafesa dos Santos</li>\r\n<li>Jos\u00e9 Romeu Mistrello Cardoso</li>\r\n<li>Lu\u00eds Cl\u00e1udio Silveira Perciani</li>\r\n<li>Paulo C\u00e9sar Alves Penacchi</li>\r\n<li>Snide Washington de Souza Godoi</li>\r\n</ul>\r\n<p><strong>9\u00aa Legislatura (2001/2004)</strong></p>\r\n<ul>\r\n<li>Jos\u00e9 Humberto Pietrafesa dos Santos</li>\r\n<li>Ana Maria Alves dos Santos</li>\r\n<li>Cl\u00e1udio Benedito Faria Tomazi</li>\r\n<li>Edmar Roberto Pereira</li>\r\n<li>Humberto de Godoi Moreira</li>\r\n<li>Jos\u00e9 Faria</li>\r\n<li>Jos\u00e9 Romeu Mistrello Cardoso</li>\r\n<li>Lu\u00eds Cl\u00e1udio Silveira Perciani</li>\r\n<li>Paulo C\u00e9sar Alves Penacchi</li>\r\n<li>Snide Washington de Souza Godoi</li>\r\n</ul>\r\n<p><strong>10\u00aa Legislatura (2005/2008)</strong></p>\r\n<ul>\r\n<li>Arlindo Bueno Moreira</li>\r\n<li>Ana Maria Alves dos Santos</li>\r\n<li>Aparecido Lu\u00eds Matos</li>\r\n<li>Celso Martins da Silva</li>\r\n<li>Jos\u00e9 Faria</li>\r\n<li>Jos\u00e9 Humberto Pietrafesa dos Santos</li>\r\n<li>Lu\u00eds Cl\u00e1udio Silveira Perciani</li>\r\n<li>Luciano Francisco de Godoi Lopes</li>\r\n<li>Paulo C\u00e9sar Alves Pennacchi</li>\r\n<li>Heines Carlos Reschioto</li>\r\n</ul>\r\n<p><strong>11\u00aa Legislatura (2009/2012)</strong></p>\r\n<ul>\r\n<li>Ariel Faria Alves</li>\r\n<li>Artur Del Rio Condotta</li>\r\n<li>Bruno Fischer Tardelli</li>\r\n<li>Heines Carlos Reschioto</li>\r\n<li>Jos\u00e9 Adriano Pietrafesa dos Santos</li>\r\n<li>Jos\u00e9 Humberto Pietrafesa dos Santos</li>\r\n<li>Lu\u00eds Cl\u00e1udio Silveira Perciani</li>\r\n<li>Luciano Francisco de Godoi Lopes</li>\r\n<li>Pedro Lu\u00eds Giovanini</li>\r\n</ul>\r\n<p><strong>12\u00aa Legislatura (2013/2016)</strong></p>\r\n<ul>\r\n<li>Ana Maria Alves dos Santos</li>\r\n<li>Aparecido Lu\u00eds Matos</li>\r\n<li>Artur Del Rio Condotta</li>\r\n<li>Eduardo Reschioto Pereira</li>\r\n<li>Bruno Fischer Tardelli</li>\r\n<li>Jos\u00e9 Humberto Pietrafesa dos Santos</li>\r\n<li>Lucimara Godoy do Carmo Generoso</li>\r\n<li>Pedro Lu\u00eds Giovanini</li>\r\n<li>Tiago Cunha do Nascimento</li>\r\n</ul>\r\n<p><strong>13\u00aa Legislatura (2017/2020)</strong></p>\r\n<ul>\r\n<li>Ademir Domingos do Couto</li>\r\n<li>Aparecido Lu\u00eds Matos</li>\r\n<li>Benedito Orlando Granconato Jr.</li>\r\n<li>Bruno Fischer Tardelli</li>\r\n<li>Donizete Ferreira de Almeida</li>\r\n<li>Jos\u00e9 Humberto Pietrafesa dos Santos</li>\r\n<li>Lucas Godoi Torteli</li>\r\n<li>Marcelo Bueno Loiola</li>\r\n<li>Rafael de Souza Pinto</li>\r\n<li>Lincoln Medeiros de Godoi</li>\r\n<li>Ariane Faria Alves</li>\r\n<li>Jos\u00e9 Pereira da Silva</li>\r\n<li>Rivaldo Ferreira Martins</li>\r\n</ul>\r\n<p><strong>14\u00aa Legislatura (2021/2024)</strong></p>\r\n<ul>\r\n<li>Bruno Fischer Tardelli</li>\r\n<li>Carlos Alberto de Oliveira Machado</li>\r\n<li>C\u00edntia Santos</li>\r\n<li>Ednelson Batista Domingues</li>\r\n<li>Jo\u00e3o Paulo Vieira Trevisan</li>\r\n<li>Jos\u00e9 Humberto Pietrafesa dos Santos</li>\r\n<li>Juliano Joaquim Granconato de Souza</li>\r\n<li>Jussara Demate Pereira</li>\r\n<li>Maicon Jorge da Rosa</li>\r\n<li>Rafael de Souza Pinto</li>\r\n<li>Ventura Bono</li>\r\n</ul>\r\n<p><strong>15\u00aa Legislatura (2025/2028)</strong></p>\r\n<ul>\r\n<li>Ana Maria Alves dos Santos</li>\r\n<li>Artur Del Rio Condotta</li>\r\n<li>Bruno Fischer Tardelli</li>\r\n<li>Gustavo de Oliveira Cozaro</li>\r\n<li>Jo\u00e3o Henrique Pinto de Oliveira</li>\r\n<li>Jos\u00e9 Humberto Pietrafesa dos Santos</li>\r\n<li>Juliano Joaquim Granconato de Souza</li>\r\n<li>Maicon Jorge da Rosa</li>\r\n<li>M\u00e1rcio Francisco Gomes</li>\r\n</ul>", "author_name": "", "version": "1.0", "author_url": "https://www.lindoia.sp.leg.br/author/michel", "provider_name": "Poder Legislativo", "type": "rich"}