{"provider_url": "https://www.lindoia.sp.leg.br", "title": "Cerimonial de Posse 2025-2028", "html": "<div class=\"xdj266r x11i5rnm xat24cr x1mh8g0r x1vvkbs x126k92a\">\r\n<div dir=\"auto\">Convidamos toda a popula\u00e7\u00e3o para a Cerim\u00f4nia de Posse dos Eleitos, que marcar\u00e1 o in\u00edcio de uma nova etapa para o nosso munic\u00edpio.</div>\r\n</div>\r\n<div class=\"x11i5rnm xat24cr x1mh8g0r x1vvkbs xtlvy1s x126k92a\">\r\n<div dir=\"auto\">Na ocasi\u00e3o, ser\u00e3o empossados os vereadores:</div>\r\n</div>\r\n<div class=\"x11i5rnm xat24cr x1mh8g0r x1vvkbs xtlvy1s x126k92a\">\r\n<div dir=\"auto\">Ana Maria Alves Dos Santos</div>\r\n<div dir=\"auto\"><span class=\"html-span xdj266r x11i5rnm xat24cr x1mh8g0r xexx8yu x4uap5 x18d9i69 xkhd6sd x1hl2dhg x16tdsg8 x1vvkbs\"><a class=\"html-a xdj266r x11i5rnm xat24cr x1mh8g0r xexx8yu x4uap5 x18d9i69 xkhd6sd x1hl2dhg x16tdsg8 x1vvkbs\" tabindex=\"-1\"></a></span>Artur Del Rio Condotta</div>\r\n<div dir=\"auto\">Bruno Fischer Tardeli</div>\r\n<div dir=\"auto\">Gustavo De Oliveira Cozaro</div>\r\n<div dir=\"auto\">Jo\u00e3o Henrique Pinto De Oliveira</div>\r\n<div dir=\"auto\">Jose Humberto Pietrafesa Dos Santos</div>\r\n<div dir=\"auto\">Juliano Joaquim Granconato De Souza</div>\r\n<div dir=\"auto\">Maicon Jorge Da Rosa</div>\r\n<div dir=\"auto\">M\u00e1rcio Francisco Gomes</div>\r\n<div dir=\"auto\">Al\u00e9m do prefeito eleito, Luciano Francisco de Godoi Lopes, e do vice-prefeito eleito, Luis Claudio Silveira Perciani.</div>\r\n</div>\r\n<div class=\"x11i5rnm xat24cr x1mh8g0r x1vvkbs xtlvy1s x126k92a\">\r\n<div dir=\"auto\"><span class=\"html-span xexx8yu x4uap5 x18d9i69 xkhd6sd x1hl2dhg x16tdsg8 x1vvkbs x3nfvp2 x1j61x8r x1fcty0u xdj266r xat24cr xgzva0m xhhsvwb xxymvpz xlup9mm x1kky2od\"><img alt=\"\ud83d\udcc5\" class=\"xz74otr\" height=\"16\" src=\"https://static.xx.fbcdn.net/images/emoji.php/v9/t7e/1/16/1f4c5.png\" width=\"16\" /></span> Data: 1\u00ba de janeiro de 2025</div>\r\n<div dir=\"auto\"><span class=\"html-span xexx8yu x4uap5 x18d9i69 xkhd6sd x1hl2dhg x16tdsg8 x1vvkbs x3nfvp2 x1j61x8r x1fcty0u xdj266r xat24cr xgzva0m xhhsvwb xxymvpz xlup9mm x1kky2od\"><img alt=\"\u23f0\" class=\"xz74otr\" height=\"16\" src=\"https://static.xx.fbcdn.net/images/emoji.php/v9/t34/1/16/23f0.png\" width=\"16\" /></span> Hor\u00e1rio: 10:00 hs</div>\r\n<div dir=\"auto\"><span class=\"html-span xexx8yu x4uap5 x18d9i69 xkhd6sd x1hl2dhg x16tdsg8 x1vvkbs x3nfvp2 x1j61x8r x1fcty0u xdj266r xat24cr xgzva0m xhhsvwb xxymvpz xlup9mm x1kky2od\"><img alt=\"\ud83d\udccd\" class=\"xz74otr\" height=\"16\" src=\"https://static.xx.fbcdn.net/images/emoji.php/v9/t2d/1/16/1f4cd.png\" width=\"16\" /></span> Local: Recinto de Exposi\u00e7\u00f5es e Lazer \"Ant\u00f4nio Toledo\", localizado na Av. Francisco Gomes, 105</div>\r\n</div>\r\n<div class=\"x11i5rnm xat24cr x1mh8g0r x1vvkbs xtlvy1s x126k92a\">\r\n<div dir=\"auto\">Venham prestigiar este momento de celebra\u00e7\u00e3o da democracia e in\u00edcio de um novo ciclo de trabalho e realiza\u00e7\u00f5es para nossa cidade.</div>\r\n</div>\r\n<div class=\"x11i5rnm xat24cr x1mh8g0r x1vvkbs xtlvy1s x126k92a\">\r\n<div dir=\"auto\">Sua presen\u00e7a \u00e9 muito importante!</div>\r\n</div>", "author_name": "", "version": "1.0", "author_url": "https://www.lindoia.sp.leg.br/author/michel", "provider_name": "Poder Legislativo", "type": "rich"}